[{"@context":"https:\/\/schema.org\/","@type":"Article","@id":"https:\/\/www.kredona.sk\/politika-vcera-a-dnes\/#Article","mainEntityOfPage":"https:\/\/www.kredona.sk\/politika-vcera-a-dnes\/","headline":"Politika v\u010dera a dnes","name":"Politika v\u010dera a dnes","description":"U\u017e je tu pol t\u00fd\u017ed\u0148a ako n\u00e1m ubiehaj\u00fa dni hrozne r\u00fdchlo. Nec\u00edtite sa niekedy ako u\u0161tvan\u00e1 zver. Nako\u013eko v\u0161etko ide hrozne r\u00fdchlo. Ja som v\u010dera","datePublished":"2024-01-28","dateModified":"2024-01-28","author":{"@type":"Person","@id":"https:\/\/www.kredona.sk\/author\/devene\/#Person","name":"devene","url":"https:\/\/www.kredona.sk\/author\/devene\/","identifier":1,"image":{"@type":"ImageObject","@id":"https:\/\/secure.gravatar.com\/avatar\/aa13f0f1a5b61a2deba1492ce3bb4afe8e77d91eeb44c23db0ee08765a93abad?s=96&d=mm&r=g","url":"https:\/\/secure.gravatar.com\/avatar\/aa13f0f1a5b61a2deba1492ce3bb4afe8e77d91eeb44c23db0ee08765a93abad?s=96&d=mm&r=g","height":96,"width":96}},"publisher":{"@type":"Organization","name":"kredona.sk","logo":{"@type":"ImageObject","@id":"\/logo.png","url":"\/logo.png","width":600,"height":60}},"image":{"@type":"ImageObject","@id":"https:\/\/www.kredona.sk\/wp-content\/uploads\/trump-2704264_1280_1.jpg","url":"https:\/\/www.kredona.sk\/wp-content\/uploads\/trump-2704264_1280_1.jpg","height":0,"width":0},"url":"https:\/\/www.kredona.sk\/politika-vcera-a-dnes\/","about":["Politika"],"wordCount":462,"articleBody":"U\u017e je tu pol t\u00fd\u017ed\u0148a ako n\u00e1m ubiehaj\u00fa dni hrozne r\u00fdchlo. Nec\u00edtite sa niekedy ako u\u0161tvan\u00e1 zver. Nako\u013eko v\u0161etko ide hrozne r\u00fdchlo. Ja som v\u010dera tu ani nebola od r\u00e1na som lek\u00e1ra vybavovala 3 hodiny som tam \u010dakala to bolo hrozn\u00e9 som myslela \u017ee u\u017e ma asi traf\u00ed kv\u00f4li magnetickej rezonancii. Hrozn\u00e1. Idem tam na to v septembri. Nezd\u00e1 sa v\u00e1m, \u017ee to riadi Politika tzv. poslanci ako v\u0161etko. V\u0161etko ma je ako keby nastaven\u00e9 zvrchu. Moja zn\u00e1ma hovor\u00ed \u017ee e\u0161te aj to po\u010dasie naprogramovan\u00e9. N\u00e1s aj zn\u00e1mu ve\u013ea veci prekvapuje aj to \u017ee znova a znova zvolili do parlamentu zvolili LEYENOVU ke\u010f sme sa na to lep\u0161ie pozreli na kore\u0148 probl\u00e9mu cirka po pol roku skontrolovania sa to riziko potvrdilo. Nako\u013eko sa oslovilo v\u0161etky \u010dlensk\u00e9 krajiny a t\u00fdch je 35 ako odpove\u010f sa vr\u00e1tila len z 11 asi tie ostatn\u00e9 ako by zaspali. Ono v\u0161etko vych\u00e1dza z Bruselu. Ono nie ka\u017ed\u00fd \u00farad m\u00e1 v r\u00e1mci tzv. kontrola v r\u00e1mci E\u00da m\u00e1 tzv. \u0161irok\u00e9 kompetencie ako my m\u00e1me tu na SK. Viete poviem viem v\u00e1m pravdu s\u00edce sa \u0161prt\u00e1m do politiky aj ju sledujem ale na svojich pleciach by som nechcela ma\u0165 t\u00fa zodpovednos\u0165 a riadi\u0165 \u0161t\u00e1t. Ako vieme kv\u00f4li znovu zvoleniu v ostatn\u00fdch krajin\u00e1ch prevl\u00e1da v tomto smere ak\u00fd si negat\u00edvny n\u00e1zor lebo maj\u00fa podobn\u00e9 sk\u00fasenosti \u00farady ako na SK. Mesiaci j\u00fal podal E\u00da s\u00fad oni kon\u0161tatovali \u017ee tak\u00fdto smer tzv. EK udalo inform\u00e1ciu tzv. ale nedostato\u010dn\u00fa pre n\u00e1s verejnos\u0165 \u010do sa t\u00fdka n\u00e1kupu vakc\u00edn. Nech\u00e1peme na\u010do bolo dobr\u00e9 robi\u0165 tak\u00fdto biznis m\u00e1me dojem \u017ee urobi\u0165 tzv. genoc\u00eddu m\u00e1m na mysli zbavi\u0165 sa \u013eud\u00ed nako\u013eko je n\u00e1s ve\u013emi ve\u013ea alebo \u017ee ich to smeruje k 3 sv. vojne . vlastne \u010do m\u00f4\u017eeme o\u010dak\u00e1va\u0165 ak\u00fd \u010fal\u0161\u00ed postup. lebo ke\u010f sledujeme dianie nesmeruje to k ni\u010domu dobr\u00e9mu v\u0161etko ututl\u00e1vaj\u00fa ani inform\u00e1cie v\u00f4bec ned\u00e1vaj\u00fa do \u00e9teru viete pre\u010do aby sme boli dezinform\u00e1cia a nevedeli o ni\u010dom. Bo\u017ee v\u0161ade sa st\u00e1vkuje proti vl\u00e1dam \u013ean na Slovensku sa \u010du\u0161\u00ed v\u0161ak sme hl\u00fapi nech\u00e1vame v\u0161etko tak. Aby n\u00e1s manipulovali vo v\u0161etkom toto nem\u00e1 obdobu. Ke\u010f sledujeme aj \u013eud\u00ed s\u00fa znechuten\u00fd ako v\u0161etko pad\u00e1 ku dnu ako ponorka. Ve\u013ea klam\u00fa aj m\u00e9di\u00e1 ako sa dozvedie\u0165 cel\u00fa pravdu no to sa nedo\u010dk\u00e1me nikdy. To by sa udial z\u00e1zrak.\u00a0                                                                                                                                                                                                                                                                                                                                                                                        4.5\/5 - (10 votes)        "},{"@context":"https:\/\/schema.org\/","@type":"BreadcrumbList","itemListElement":[{"@type":"ListItem","position":1,"name":"Politika v\u010dera a dnes","item":"https:\/\/www.kredona.sk\/politika-vcera-a-dnes\/#breadcrumbitem"}]}]