[{"@context":"https:\/\/schema.org\/","@type":"Article","@id":"https:\/\/www.kredona.sk\/svetielka-na-stromcek\/#Article","mainEntityOfPage":"https:\/\/www.kredona.sk\/svetielka-na-stromcek\/","headline":"Svetielka na strom\u010dek","name":"Svetielka na strom\u010dek","description":"Vianoce s\u00fa n\u00e1dhern\u00fdm obdob\u00edm, z ktor\u00fdch sa te\u0161ia nielen deti, ale aj dospel\u00ed. Po\u010das cel\u00e9ho roka nem\u00e1me ve\u013ea \u010dasu na svojich bl\u00edzkych a rodinu. https:\/\/www.databazeknih.cz\/knihy\/mela-jsi-vubec-nekdy-rodinu-347705","datePublished":"2022-09-17","dateModified":"2023-04-28","author":{"@type":"Person","@id":"https:\/\/www.kredona.sk\/author\/devene\/#Person","name":"devene","url":"https:\/\/www.kredona.sk\/author\/devene\/","identifier":1,"image":{"@type":"ImageObject","@id":"https:\/\/secure.gravatar.com\/avatar\/aa13f0f1a5b61a2deba1492ce3bb4afe8e77d91eeb44c23db0ee08765a93abad?s=96&d=mm&r=g","url":"https:\/\/secure.gravatar.com\/avatar\/aa13f0f1a5b61a2deba1492ce3bb4afe8e77d91eeb44c23db0ee08765a93abad?s=96&d=mm&r=g","height":96,"width":96}},"publisher":{"@type":"Organization","name":"kredona.sk","logo":{"@type":"ImageObject","@id":"\/logo.png","url":"\/logo.png","width":600,"height":60}},"image":{"@type":"ImageObject","@id":"https:\/\/www.kredona.sk\/wp-content\/uploads\/christmas-1904528__480.jpg","url":"https:\/\/www.kredona.sk\/wp-content\/uploads\/christmas-1904528__480.jpg","height":0,"width":0},"url":"https:\/\/www.kredona.sk\/svetielka-na-stromcek\/","about":["Tovar"],"wordCount":423,"articleBody":"          Vianoce s\u00fa n\u00e1dhern\u00fdm obdob\u00edm, z ktor\u00fdch sa te\u0161ia nielen deti, ale aj dospel\u00ed. Po\u010das cel\u00e9ho roka nem\u00e1me ve\u013ea \u010dasu na svojich bl\u00edzkych a rodinu. https:\/\/www.databazeknih.cz\/knihy\/mela-jsi-vubec-nekdy-rodinu-347705  No pr\u00e1ve Vianoce n\u00e1s zbli\u017euj\u00fa. \u010castokr\u00e1t si po\u010das Vianoc n\u00e1jdeme \u010das aj na \u013eud\u00ed, ktor\u00fdch sme nevideli dlh\u00e9 mesiace. Vianoce s\u00fa \u0161peci\u00e1lne t\u00fdm, \u017ee si vy\u017eaduj\u00fa aj pr\u00edpravy. Samozrejmos\u0165ou v dom\u00e1cnostiach je ve\u013ek\u00e9 upratovanie. Taktie\u017e n\u00e1kup mno\u017estva dobr\u00e9ho jedla a pitia. A p\u00e1r dn\u00ed pred Vianocami n\u00e1s \u010dak\u00e1 to najkraj\u0161ie, zdobenie viano\u010dn\u00e9ho strom\u010deka. Viano\u010dn\u00fd strom\u010dek zdob\u00ed ka\u017ed\u00e1 dom\u00e1cnos\u0165 v inom \u010dase. K\u00fdm niektor\u00ed maj\u00fa trad\u00edciu zdobi\u0165 strom\u010dek na \u0161tedr\u00fd de\u0148 \u010di ve\u010der predt\u00fdm, niekde stoj\u00ed strom\u010dek u\u017e nieko\u013eko dn\u00ed pred Vianocami.Na viano\u010dnom strom\u010deku nesm\u00fa ch\u00fdba\u0165 r\u00f4zne ozdoby. Ka\u017ed\u00fd si od ozdobuje strom\u010dek pod\u013ea svojho vkusu. \u010ci u\u017e m\u00e1te rad\u0161ej sklenen\u00e9 guli\u010dky, h\u00e1\u010dkovan\u00e9 postavi\u010dky \u010di dokonca sal\u00f3nky, nesmiete zabudn\u00fa\u0165 na najd\u00f4le\u017eitej\u0161iu vec. Sveteln\u00e1 re\u0165az. \u010co by to bol za viano\u010dn\u00fd strom\u010dek, keby na \u0148om neboli svetielka. Pr\u00e1ve ve\u010der po zotmen\u00ed sa v\u0161etci te\u0161\u00edme na zapnutie viano\u010dn\u00e9ho strom\u010deka a vychutn\u00e1vanie si rodinnej atmosf\u00e9ry v kruhu najbli\u017e\u0161\u00edch. Osvetlen\u00fd viano\u010dn\u00fd strom\u010dek dod\u00e1 ka\u017edej dom\u00e1cnosti pocit domova a jedine\u010dnosti.Sveteln\u00e1 re\u0165az na strom\u010dek.Tak ako aj ozdoby, sveteln\u00e1 re\u0165az na strom\u010dek sa m\u00f4\u017ee nies\u0165 v r\u00f4znom duchu. Vybra\u0165 si m\u00f4\u017eete z jednofarebn\u00fdch \u017eiaroviek, ale aj z r\u00f4znej \u0161k\u00e1ly farieb. Vyl\u00fa\u010den\u00e9 nie s\u00fa ani pestrofarebn\u00e9 sveteln\u00e9 re\u0165aze. Pod\u013ea v\u00fd\u0161ky strom\u010deka m\u00e1te na v\u00fdber aj z r\u00f4znych d\u013a\u017eok sveteln\u00fdch re\u0165az\u00ed. Dne\u0161n\u00e9 modern\u00e9 sveteln\u00e9 re\u0165aze na strom\u010dek v\u00e1s skuto\u010dne prekvapia. Pri niektor\u00fdch typoch sveteln\u00fdch re\u0165az\u00ed na strom\u010dek m\u00f4\u017eete meni\u0165 aj farbu, intenzitu svietenia \u010di blikanie. Ponuka na veselevianoce.sk je skuto\u010dne rozmanit\u00e1. Nav\u0161t\u00edvte aj vy str\u00e1nku veselevianoce.sk a pozrite si aktu\u00e1lnu ponuku sveteln\u00fdch re\u0165az\u00ed na strom\u010dek \u010di in\u00fd viano\u010dn\u00fd tovar. Vianoce s\u00fa za rohom, preto ne\u010dakajte s v\u00fdberom viano\u010dn\u00fdch dekor\u00e1ci\u00ed do poslednej chv\u00edle.                                                                                                                                                                                                                                                                                                                                                                                          4.1\/5 - (16 votes)        "},{"@context":"https:\/\/schema.org\/","@type":"BreadcrumbList","itemListElement":[{"@type":"ListItem","position":1,"name":"Svetielka na strom\u010dek","item":"https:\/\/www.kredona.sk\/svetielka-na-stromcek\/#breadcrumbitem"}]}]