[{"@context":"https:\/\/schema.org\/","@type":"Article","@id":"https:\/\/www.kredona.sk\/utulny-interier\/#Article","mainEntityOfPage":"https:\/\/www.kredona.sk\/utulny-interier\/","headline":"\u00datuln\u00fd interi\u00e9r","name":"\u00datuln\u00fd interi\u00e9r","description":"Pri celkovom dojme z interi\u00e9ru nejde ani tak o cenu a luxus, ale o detaily, ktor\u00e9 zmenia celkov\u00fd vzh\u013ead v\u00e1\u0161ho bytu \u010di domu. Najm\u00e4 pri","datePublished":"2023-11-28","dateModified":"2023-11-28","author":{"@type":"Person","@id":"https:\/\/www.kredona.sk\/author\/devene\/#Person","name":"devene","url":"https:\/\/www.kredona.sk\/author\/devene\/","identifier":1,"image":{"@type":"ImageObject","@id":"https:\/\/secure.gravatar.com\/avatar\/aa13f0f1a5b61a2deba1492ce3bb4afe8e77d91eeb44c23db0ee08765a93abad?s=96&d=mm&r=g","url":"https:\/\/secure.gravatar.com\/avatar\/aa13f0f1a5b61a2deba1492ce3bb4afe8e77d91eeb44c23db0ee08765a93abad?s=96&d=mm&r=g","height":96,"width":96}},"publisher":{"@type":"Organization","name":"kredona.sk","logo":{"@type":"ImageObject","@id":"\/logo.png","url":"\/logo.png","width":600,"height":60}},"image":{"@type":"ImageObject","@id":"https:\/\/www.kredona.sk\/wp-content\/uploads\/house-1477041_1280-2.jpg","url":"https:\/\/www.kredona.sk\/wp-content\/uploads\/house-1477041_1280-2.jpg","height":0,"width":0},"url":"https:\/\/www.kredona.sk\/utulny-interier\/","about":["Byt a dom"],"wordCount":365,"articleBody":"Pri celkovom dojme z interi\u00e9ru nejde ani tak o cenu a luxus, ale o detaily, ktor\u00e9 zmenia celkov\u00fd vzh\u013ead v\u00e1\u0161ho bytu \u010di domu. Najm\u00e4 pri mal\u00fdch priestoroch mus\u00edte by\u0165 pri zaria\u010fovan\u00ed opatrn\u00fd, preto\u017ee nespr\u00e1vnym usporiadan\u00edm n\u00e1bytku a v\u00fdberom zl\u00fdch k\u00faskov n\u00e1bytku m\u00f4\u017eete opticky priestor e\u0161te zmen\u0161i\u0165. Aj ke\u010f pred nieko\u013ek\u00fdmi rokmi bolo ve\u013emi popul\u00e1rne pou\u017ei\u0165 na steny r\u00f4zne farebn\u00e9 varianty, dnes mno\u017estvo \u013eud\u00ed preferuje oby\u010dajn\u00e9 biele steny. Ak chcete nie\u010d\u00edm svoje steny ozvl\u00e1\u0161tni\u0165 pou\u017eite r\u00f4zne obrazy. Takisto nie s\u00fa modern\u00e9 u\u017e ani tapety. \u00a0\u00a0Ak ale naozaj chcete ma\u0165 jednu \u010di viacero stien odli\u0161n\u00fdch, vyu\u017eite mo\u017enos\u0165 dreven\u00e9ho obkladu \u010di mramorovej steny. Ide o modern\u00fd sp\u00f4sob ako rozbi\u0165 koncept interi\u00e9ru. Pri dreven\u00fdch obkladoch je mimoriadne ob\u013e\u00faben\u00e1 aj realiz\u00e1cia dver\u00ed so skryt\u00fdmi z\u00e1rub\u0148ami. Vytvor\u00edte tak jeden celistv\u00fd koncept na va\u0161ej stene. Ani tak ale nezab\u00fadajte na obrazy. Obrazy, ktor\u00e9 s\u00fa v\u0161ak dizajnov\u00fdm skvostom a nie obrazy, ktor\u00e9 n\u00e1jdete v akomko\u013evek obchode. Rad\u0161ej zainvestujte do jedn\u00e9ho \u010di dvoch kvalitn\u00fdch modern\u00fdch obrazov, ktor\u00e9 vyjadruj\u00fa nejak\u00fa em\u00f3ciu ako porozhadzova\u0165 po sten\u00e1ch desiatky mal\u00fdch bezv\u00fdznamn\u00fdch obrazov.\u00a0\u00a0Obrazy by mali hra\u0165 farbami a mali by nie\u010do vyjadrova\u0165. Pr\u00e1ve v\u010faka obrazu m\u00f4\u017eete neuverite\u013ene z\u00fatulni\u0165 svoju dom\u00e1cnos\u0165 a urobi\u0165 z nej modern\u00fd priestor. Pred nieko\u013ek\u00fdmi rokmi boli takisto tradi\u010dn\u00e9 koberce v ka\u017edej miestnosti. Nato v\u0161ak zabudnite. \u010ci u\u017e podlaha, dla\u017eba alebo mikrocement, \u010dist\u00e1 jednotn\u00e1 podlaha je vzorom modern\u00e9ho interi\u00e9ru. Aby ste v\u0161ak zabezpe\u010dili teplo dom\u00e1cnosti, nezabudnite na koberec v mal\u00fdch rozmeroch ku gau\u010du \u010di pod st\u00f4l do jed\u00e1lne. Pri v\u00fdbere kobercov stavte takisto na kvalitu a najm\u00e4 na neutr\u00e1lne farby. Interi\u00e9r v\u00e1\u0161ho bytu \u010di domu je miesto, kde budete spolu s\u00a0rodinou tr\u00e1vi\u0165 ve\u013ek\u00e9 mno\u017estvo \u010dasu, preto si na jeho zaria\u010fovan\u00ed dajte z\u00e1le\u017ea\u0165.                                                                                                                                                                                                                                                                                                                                                                                        4\/5 - (21 votes)        "},{"@context":"https:\/\/schema.org\/","@type":"BreadcrumbList","itemListElement":[{"@type":"ListItem","position":1,"name":"\u00datuln\u00fd interi\u00e9r","item":"https:\/\/www.kredona.sk\/utulny-interier\/#breadcrumbitem"}]}]