[{"@context":"https:\/\/schema.org\/","@type":"Article","@id":"https:\/\/www.kredona.sk\/vyber-mikin\/#Article","mainEntityOfPage":"https:\/\/www.kredona.sk\/vyber-mikin\/","headline":"V\u00fdber mik\u00edn","name":"V\u00fdber mik\u00edn","description":"Mikiny patria k ve\u013emi ob\u013e\u00faben\u00e9mu druhu oble\u010denia, ktor\u00fd je v popred\u00ed u\u017e zop\u00e1r rokov. Mikiny pre\u0161li \u0161atn\u00edkom mnoho milovn\u00edkom m\u00f3dy, ktor\u00ed na tento odev nedaj\u00fa","datePublished":"2022-09-07","dateModified":"2023-05-28","author":{"@type":"Person","@id":"https:\/\/www.kredona.sk\/author\/devene\/#Person","name":"devene","url":"https:\/\/www.kredona.sk\/author\/devene\/","identifier":1,"image":{"@type":"ImageObject","@id":"https:\/\/secure.gravatar.com\/avatar\/aa13f0f1a5b61a2deba1492ce3bb4afe8e77d91eeb44c23db0ee08765a93abad?s=96&d=mm&r=g","url":"https:\/\/secure.gravatar.com\/avatar\/aa13f0f1a5b61a2deba1492ce3bb4afe8e77d91eeb44c23db0ee08765a93abad?s=96&d=mm&r=g","height":96,"width":96}},"publisher":{"@type":"Organization","name":"kredona.sk","logo":{"@type":"ImageObject","@id":"\/logo.png","url":"\/logo.png","width":600,"height":60}},"image":{"@type":"ImageObject","@id":"https:\/\/www.kredona.sk\/wp-content\/uploads\/6078_b58a2421.jpg","url":"https:\/\/www.kredona.sk\/wp-content\/uploads\/6078_b58a2421.jpg","height":0,"width":0},"url":"https:\/\/www.kredona.sk\/vyber-mikin\/","about":["Tovar"],"wordCount":463,"articleBody":"            Mikiny patria k ve\u013emi ob\u013e\u00faben\u00e9mu druhu oble\u010denia, ktor\u00fd je v popred\u00ed u\u017e zop\u00e1r rokov. Mikiny pre\u0161li \u0161atn\u00edkom mnoho milovn\u00edkom m\u00f3dy, ktor\u00ed na tento odev nedaj\u00fa dopusti\u0165. Pri v\u00fdbere tej spr\u00e1vnej mikiny si je dobre uvedomi\u0165, kde a na ak\u00fa \u010dinnos\u0165 pl\u00e1nujete dan\u00fa mikinu pou\u017e\u00edva\u0165. D\u00f4le\u017eit\u00fdm \u201cparametrom\u201d je taktie\u017e zvolen\u00e1 farba. Ak pl\u00e1nujte mikiny nosi\u0165 aj niekam do pr\u00edrody alebo na podobne miesta, kde hroz\u00ed nejak\u00e9 \u201criziko\u201d po\u0161pinenia mikiny ur\u010dite by som volil sk\u00f4r tmav\u00fd odtie\u0148 farby. Ak naopak viete, \u017ee budete nosi\u0165 mikinu v\u00fdlu\u010dne na spolo\u010densk\u00e9 akcie m\u00f4\u017eete zvoli\u0165 aj svetlej\u0161iu farbu ako je biela, \u017elt\u00e1 \u010di modr\u00e1. Ke\u010f sa povie mikina mne sa automaticky vybav\u00ed mikina typu, ktor\u00e1 ma v zadnej \u010dasti umiestnen\u00fa kapuc\u0148u. Ide o kus l\u00e1tky, ktor\u00fd je pevnou s\u00fa\u010das\u0165ou dan\u00e9ho odevu a sl\u00fa\u017ei na zakrytie respekt\u00edve k zahaleniu na\u0161ej hlavy. Tieto typy zvykn\u00fa ma\u0165 k tejto kapucni aj dve \u0161n\u00farky, ktor\u00e9 sa daj\u00fa zaviaza\u0165 do ma\u0161le. Toto prevedenie m\u00f4\u017eeme vidie\u0165 hlavne u mladej gener\u00e1cie. Okrem kapucne maj\u00fa tieto mikiny aj tzv. klokanie vrecko, ktor\u00e9 je otvoren\u00e9, a to z obidvoch str\u00e1n. Nach\u00e1dza sa na prednej strane v dolnej \u010dasti. Tento typ je \u00faplne univerz\u00e1lny \u010di u\u017e ho pou\u017eijete pri nejakej \u0161portovej, \u010di pohybovej aktivite alebo ju bu\u010fte pou\u017e\u00edva ako \u010disto m\u00f3dny prvok tzv. fashion k\u00fasok to u\u017e je len na v\u00e1s. \u010castej\u0161ie sa, ale zvykn\u00fa vyu\u017e\u00edva\u0165 ako s\u00fa\u010das\u0165 m\u00f3dy a imid\u017eu. Mikina tvor\u00ed ak\u00fasi hlavn\u00fa \u010das\u0165 ka\u017ed\u00e9ho outfitu ke\u010f\u017ee mierou patr\u00ed rozhodne k najrozmerne\u0161iemu oble\u010deniu, ktor\u00e9 budete ma\u0165 na sebe. Uplatnia sa, teda aj na be\u017ene nosenie. Medzi \u010fal\u0161ie ob\u013e\u00faben\u00e9 a pravidelne vyu\u017e\u00edvan\u00e9 typy patria tzv. \u0161portov\u00e9 mikiny na zips. Tak\u00e9to mikiny nemaj\u00fa \u017eiadne kapucne. Tak\u00e9to mikiny vyu\u017e\u00edvaj\u00fa aj profesion\u00e1lni \u0161portovci, ako napr\u00edklad futbalisti samozrejme nie priamo pri svojej \u010dinnosti, ale napr\u00edklad pri tr\u00e9ningu alebo, ke\u010f \u010dakaj\u00fa na svoju pr\u00edle\u017eitos\u0165 na lavi\u010dke n\u00e1hradn\u00edkov. Na prednej strane sa zvykn\u00fa umiest\u0148ova\u0165 loga \u010di zna\u010dky r\u00f4znych firiem alebo sponzorov. S\u00fa\u010das\u0165ou mikiny s\u00fa taktie\u017e r\u00f4zne praktick\u00e9 vrecka, ktor\u00e9 sa daj\u00fa zapn\u00fa\u0165 pevn\u00fdm zipsom, \u010di\u017ee obsah vrecka bude v bezpe\u010d\u00ed. Vreciek b\u00fdva hne\u010f nieko\u013eko. Medzi druhy mik\u00edn sa zvykn\u00fa radi\u0165 aj mikiny, ktor\u00e9 pripom\u00ednaj\u00fa na prv\u00fd poh\u013ead sveter. Maj\u00fa dlh\u00e9 ruk\u00e1vi a ch\u00fdbaj\u00fa im vrecka a kapucne. Prejeme v\u00e1m pri v\u00fdbere tej spr\u00e1vnej mikiny \u0161\u0165astn\u00fa ruku nech sa dobr\u00fd nos\u00ed!                                                                                                                                                                                                                                                                                                                                                                                          3.9\/5 - (12 votes)        "},{"@context":"https:\/\/schema.org\/","@type":"BreadcrumbList","itemListElement":[{"@type":"ListItem","position":1,"name":"V\u00fdber mik\u00edn","item":"https:\/\/www.kredona.sk\/vyber-mikin\/#breadcrumbitem"}]}]