[{"@context":"https:\/\/schema.org\/","@type":"Article","@id":"https:\/\/www.kredona.sk\/vypisuje-si-s-inymi\/#Article","mainEntityOfPage":"https:\/\/www.kredona.sk\/vypisuje-si-s-inymi\/","headline":"Vypisuje si s in\u00fdmi","name":"Vypisuje si s in\u00fdmi","description":"Rozi\u0161la som sa s priate\u013eom kv\u00f4li tomu, \u017ee klamal a p\u00edsal si s in\u00fdmi \u017eenami na internete. V\u010dera som mu niesla jeho osobn\u00e9 veci a","datePublished":"2023-09-20","dateModified":"2024-02-20","author":{"@type":"Person","@id":"https:\/\/www.kredona.sk\/author\/devene\/#Person","name":"devene","url":"https:\/\/www.kredona.sk\/author\/devene\/","identifier":1,"image":{"@type":"ImageObject","@id":"https:\/\/secure.gravatar.com\/avatar\/aa13f0f1a5b61a2deba1492ce3bb4afe8e77d91eeb44c23db0ee08765a93abad?s=96&d=mm&r=g","url":"https:\/\/secure.gravatar.com\/avatar\/aa13f0f1a5b61a2deba1492ce3bb4afe8e77d91eeb44c23db0ee08765a93abad?s=96&d=mm&r=g","height":96,"width":96}},"publisher":{"@type":"Organization","name":"kredona.sk","logo":{"@type":"ImageObject","@id":"\/logo.png","url":"\/logo.png","width":600,"height":60}},"image":{"@type":"ImageObject","@id":"https:\/\/www.kredona.sk\/wp-content\/uploads\/person-1281777_640.jpg","url":"https:\/\/www.kredona.sk\/wp-content\/uploads\/person-1281777_640.jpg","height":0,"width":0},"url":"https:\/\/www.kredona.sk\/vypisuje-si-s-inymi\/","about":["Spolo\u010dnos\u0165"],"wordCount":426,"articleBody":"Rozi\u0161la som sa s priate\u013eom kv\u00f4li tomu, \u017ee klamal a p\u00edsal si s in\u00fdmi \u017eenami na internete. V\u010dera som mu niesla jeho osobn\u00e9 veci a \u017ee sa porozpr\u00e1vame. A ke\u010f som sa ho p\u00fdtala, pre\u010do si st\u00e1le p\u00ed\u0161e s in\u00fdmi diev\u010datami na nete tak odpovedal iba to, \u017ee je to jeho forma z\u00e1bavy. \u017de to berie iba ako z\u00e1bavu a polovica profilu s\u00fa rovnako fejk. A \u017ee si kv\u00f4li mne a t\u00fdm mojim nervom vy\u0161klbal polovicu vlasov. Tak\u017ee vo mne s\u00fa op\u00e4\u0165 pocity \u013e\u00fatosti a pocity sa o neho jednoducho mus\u00edm `postara\u0165`.Len\u017ee ide o to, \u017ee ke\u010f teraz so mnou v byte nie je tak je mi ove\u013ea lep\u0161ie. A \u00faplne ho bra\u0165 nechcem sp\u00e4\u0165, preto\u017ee viem, \u017ee by aj tak si p\u00edsal na internete \u010falej a ja by som pri tom bola nahnevan\u00e1. Je mi ove\u013ea lep\u0161ie teraz bez neho. Ale na druh\u00fa stranu m\u00e1m st\u00e1le nejak\u00e9 v\u00fd\u010ditky a pocity \u013e\u00fatosti nad t\u00fdm chlapom. Len kv\u00f4li tomu, \u017ee si s\u00e1m vy\u0161klbal vlasy. Neviem \u010do teraz \u010falej m\u00e1m robi\u0165, ale ja mu aj hovorila, \u017ee mi vad\u00ed, \u017ee nekomunikujeme, nem\u00e1me \u017eiadny sex a tak\u00e9 tie veci okolo. A hlavne, \u017ee si p\u00ed\u0161e s in\u00fdmi. Len\u017ee ma pr\u00edde, \u017ee bu\u010f mu to je jedno, alebo to ani ch\u00e1pa\u0165 nechce. St\u00e1le mi pr\u00edde &#8222;akoby&#8220; to v\u0161etko ot\u00e1\u010dal na m\u0148a, \u017ee ja za v\u0161etko m\u00f4\u017eem. Ve\u013ea kamar\u00e1tov mi hovor\u00ed, \u017ee sme ako star\u00fd man\u017eelia \u010do sa ve\u010dne h\u00e1daj\u00fa.M\u0148a je 26 a jemu 36. Ja by som chcela e\u0161te \u017ei\u0165, len\u017ee ma pr\u00edde, \u017ee on je znuden\u00fd \u017eivotom. Nem\u00e1 \u017eiadne kon\u00ed\u010dky, z\u00e1\u013euby, nikam nechod\u00ed, v\u00e4\u010d\u0161inou iba sed\u00ed doma, alebo je na po\u010d\u00edta\u010di a ni\u010d. A ja som oproti tomu \u00faplne in\u00e1, m\u00e1m jednoducho in\u00e9 priority a celkovo ma pr\u00edde, \u017ee prem\u00fd\u0161\u013eam inak. A u\u017e ma zauj\u00edma nie\u010do in\u00e9. Chcela by som sa usadi\u0165, ma\u0165 rodinu, by\u0165 \u0161\u0165astn\u00e1 a nie len sedie\u0165 na zadku a ni\u010d nerobi\u0165.. chcela by som jazdi\u0165 na r\u00f4zne v\u00fdlety, len\u017ee on ma ani nie je schopn\u00fd vzia\u0165, neop\u00fdta sa ma, \u010do by som napr\u00edklad chcela alebo si priala.. a to ma najviac mrz\u00ed a je \u0161koda \u017ee si v\u0161etko toto neuvedomuje&#8230;                                                                                                                                                                                                                                                                                                                                                                                        4.5\/5 - (14 votes)        "},{"@context":"https:\/\/schema.org\/","@type":"BreadcrumbList","itemListElement":[{"@type":"ListItem","position":1,"name":"Vypisuje si s in\u00fdmi","item":"https:\/\/www.kredona.sk\/vypisuje-si-s-inymi\/#breadcrumbitem"}]}]