[{"@context":"https:\/\/schema.org\/","@type":"Article","@id":"https:\/\/www.kredona.sk\/zakladna-umelecka-skola-ako-druzina\/#Article","mainEntityOfPage":"https:\/\/www.kredona.sk\/zakladna-umelecka-skola-ako-druzina\/","headline":"Z\u00e1kladn\u00e1 umeleck\u00e1 \u0161kola ako dru\u017eina","name":"Z\u00e1kladn\u00e1 umeleck\u00e1 \u0161kola ako dru\u017eina","description":"Dnes u\u017e \u017eiadna novinka, ale trend, ktor\u00fd ka\u017ed\u00fdm rokom naber\u00e1 na atraktivite. Rodi\u010dia svoje ratolesti u\u017e ako \u0161k\u00f4lk\u00e1rov prihlasuj\u00fa na umeleck\u00e9 odbory a poobedn\u00e9 kr\u00fa\u017eky","datePublished":"2019-05-25","dateModified":"2019-05-25","author":{"@type":"Person","@id":"https:\/\/www.kredona.sk\/author\/devene\/#Person","name":"devene","url":"https:\/\/www.kredona.sk\/author\/devene\/","identifier":1,"image":{"@type":"ImageObject","@id":"https:\/\/secure.gravatar.com\/avatar\/aa13f0f1a5b61a2deba1492ce3bb4afe8e77d91eeb44c23db0ee08765a93abad?s=96&d=mm&r=g","url":"https:\/\/secure.gravatar.com\/avatar\/aa13f0f1a5b61a2deba1492ce3bb4afe8e77d91eeb44c23db0ee08765a93abad?s=96&d=mm&r=g","height":96,"width":96}},"publisher":{"@type":"Organization","name":"kredona.sk","logo":{"@type":"ImageObject","@id":"\/logo.png","url":"\/logo.png","width":600,"height":60}},"image":{"@type":"ImageObject","@id":"https:\/\/www.kredona.sk\/wp-content\/uploads\/img_a303378_w16645_t1563986305.jpg","url":"https:\/\/www.kredona.sk\/wp-content\/uploads\/img_a303378_w16645_t1563986305.jpg","height":0,"width":0},"url":"https:\/\/www.kredona.sk\/zakladna-umelecka-skola-ako-druzina\/","wordCount":497,"articleBody":"Dnes u\u017e \u017eiadna novinka, ale trend, ktor\u00fd ka\u017ed\u00fdm rokom naber\u00e1 na atraktivite. Rodi\u010dia svoje ratolesti u\u017e ako \u0161k\u00f4lk\u00e1rov prihlasuj\u00fa na umeleck\u00e9 odbory a poobedn\u00e9 kr\u00fa\u017eky v r\u00f4znych ZU\u0160-k\u00e1ch a in\u00fdch in\u0161tit\u00faci\u00e1ch. Je to v\u0161ak spr\u00e1vne, takto za\u0165a\u017eova\u0165 mal\u00e9 die\u0165a, ktor\u00e9 potrebuje dostatok \u010dasu na regener\u00e1ciu a relax po u\u010den\u00ed sa v \u0161kole? Je to spr\u00e1vne vyu\u017e\u00edva\u0165 to ako dru\u017einu?  Die\u0165a ako dar. Ka\u017ed\u00fd rodi\u010d uzn\u00e1, \u017ee deti s\u00fa z\u00e1zra\u010dn\u00e9 bytosti. Ich ch\u00e1panie, pon\u00edmanie sveta a reality je \u00faplne rozdielny od toho dospel\u00e9ho. Die\u0165a sa potrebuje rozv\u00edja\u0165. Jeho slovn\u00e1 z\u00e1soba, motorika pohybov, fant\u00e1zia, zm\u00fd\u0161\u013eanie. Okrem malej n\u00e1sobilky a vybran\u00fdch slov sa potrebuje nau\u010di\u0165, ako rozvrhp\u0165 svoj \u010das, ako sa efekt\u00edvne u\u010di\u0165, ako vn\u00edma\u0165 veci okolo seba. A pr\u00e1ve to mu umo\u017e\u0148uj\u00fa r\u00f4zne kr\u00fa\u017eky a vo\u013eno\u010dasov\u00e9 aktivity. \u0160porty nielen buduj\u00fa fyzick\u00fa str\u00e1nku, motoriku die\u0165a\u0165a, ale u\u010dia aj die\u0165a pracova\u0165 v kolekt\u00edve, uzna\u0165 pravdu lep\u0161iemu s\u00faperovi, por\u00e1\u017eku, znies\u0165 prehru, jedna\u0165 f\u00e9rovo a myslie\u0165 t\u00edmovo. Nervozita v mladom veku. Av\u0161ak, die\u0165a nemus\u00ed aj pre n\u00e1s tak\u00fato banalitu, zn\u00e1\u0161a\u0165. M\u00f4\u017ee sa mu to zda\u0165 ako obrovsk\u00e9 bremeno a \u0165archa a nesk\u00f4r sa to preuk\u00e1\u017ee na inej str\u00e1nke v jeho \u017eivote. Strach z toho, \u017ee nest\u00edha v\u0161etko na 100%, strach z kolapsu, to v\u0161etko nepriaznivo ovplyv\u0148uje psychiku die\u0165a\u0165a. A t\u00e1 sa predsa v skorom veku neust\u00e1le vyv\u00edja a potrebuje oporu, potrebuje \u010das pre seba a dostato\u010dn\u00fa regener\u00e1ciu. Preto, ak sa rozhodnete die\u0165a za\u0165a\u017ei\u0165 vo\u013eno\u010dasovou aktivitou, myslite na to, \u017ee okrem pomoci s dom\u00e1cimi \u00falohami potrebuje aj va\u0161u ochranu a podporu na koncerte \u010di z\u00e1pase. Posta\u010d\u00ed u\u017e len va\u0161a pr\u00edtomnos\u0165 v dave.  V\u00fd\u010ditky svedomia. S nimi sa m\u00f4\u017eete stretn\u00fa\u0165 u dospel\u00fdch \u013eud\u00ed, ktor\u00ed mali v minulosti mo\u017enos\u0165 nav\u0161tevova\u0165 tak\u00fdto kr\u00fa\u017eok, no rodi\u010dia ich k tomu neviedli. A pri tom vyskytlo, \u017ee s\u00fa talentovan\u00ed. Pritom by sta\u010dilo len p\u00e1r lekci\u00ed, mo\u017eno rok \u010di dva. No jestvuj\u00fa aj opa\u010dn\u00e9 pr\u00edpady. Naozaj sa ZU\u0160 vyplat\u00ed? Nezneu\u017e\u00edvaj\u00fa to rodi\u010dia len na to, aby pokryli tie 2-3 hodiny na to, aby die\u0165a nemuselo by\u0165 st\u00e1le v dru\u017eine, k\u00fdm je on v pr\u00e1ci? A pri tom v\u00f4bec nem\u00e1 talent, a hodiny klav\u00edra s\u00fa neskuto\u010dnou tort\u00farou? Toto z\u00e1vis\u00ed na svedom\u00ed ka\u017ed\u00e9ho z rodi\u010da. Nenech\u00e1vajte si rozhodnutia na posledn\u00fa chv\u00ed\u013eu, neberte to na \u013eahk\u00fa v\u00e1hu a diskutujte nielen s partnerom, ale aj so samotn\u00fdm die\u0165a\u0165om, popr\u00edpade s pedag\u00f3gom.                                                                                                                                                                                                                                                                                                                                                                                        4.1\/5 - (9 votes)        "},{"@context":"https:\/\/schema.org\/","@type":"BreadcrumbList","itemListElement":[{"@type":"ListItem","position":1,"name":"Z\u00e1kladn\u00e1 umeleck\u00e1 \u0161kola ako dru\u017eina","item":"https:\/\/www.kredona.sk\/zakladna-umelecka-skola-ako-druzina\/#breadcrumbitem"}]}]